{"id":2377,"date":"2023-12-27T10:08:43","date_gmt":"2023-12-27T13:08:43","guid":{"rendered":"http:\/\/ec2-107-23-222-114.compute-1.amazonaws.com\/estancia-cerro-guido-en-su-epoca-invernal\/"},"modified":"2024-03-06T09:45:35","modified_gmt":"2024-03-06T12:45:35","slug":"estancia-cerro-guido-en-su-epoca-invernal","status":"publish","type":"post","link":"https:\/\/estanciacerroguido.com\/fr\/estancia-cerro-guido-en-su-epoca-invernal\/","title":{"rendered":"Estancia Cerro Guido en hiver"},"content":{"rendered":"<h1>Que faire?<\/h1>\n<p>La nature nous a gratifi\u00e9s de saisons merveilleuses au cours desquelles notre Estancia se couvre d&rsquo;une belle couleur blanche, depuis les plus hautes montagnes jusqu&rsquo;\u00e0 l&rsquo;immensit\u00e9 de la pampa.<\/p>\n<p>L&rsquo;hiver apporte une beaut\u00e9 qui d\u00e9core, flocon par flocon, chaque kilom\u00e8tre carr\u00e9, pr\u00e9parant la terre pour la remplir de fertilit\u00e9 et d&rsquo;ar\u00f4mes uniques de la saison. C&rsquo;est pourquoi nous avons pr\u00e9par\u00e9 pour vous et votre groupe d&rsquo;amis ou votre famille une exp\u00e9rience hivernale inoubliable au c\u0153ur de la Patagonie.<\/p>\n<p>Comme chacun sait, nos h\u00f4tes b\u00e9n\u00e9ficient d&rsquo;un niveau d&rsquo;attention \u00e9lev\u00e9. Si vous souhaitez visiter et conna\u00eetre notre estancia, nous vous fournirons les transferts entre les installations et Puerto Natales.<\/p>\n<p><img loading=\"lazy\" decoding=\"async\" class=\"alignnone wp-image-1119 size-full\" src=\"https:\/\/estanciacerroguido.com\/wp-content\/uploads\/2023\/12\/image-6.png\" alt=\"\" width=\"808\" height=\"310\" srcset=\"https:\/\/estanciacerroguido.com\/wp-content\/uploads\/2023\/12\/image-6.png 808w, https:\/\/estanciacerroguido.com\/wp-content\/uploads\/2023\/12\/image-6-300x115.png 300w, https:\/\/estanciacerroguido.com\/wp-content\/uploads\/2023\/12\/image-6-768x295.png 768w\" sizes=\"auto, (max-width: 808px) 100vw, 808px\" \/><\/p>\n<p>Nous souhaitons \u00e9galement vous offrir une exp\u00e9rience compl\u00e8te comprenant les activit\u00e9s suivantes :<br \/>\nJour 1 : Arriv\u00e9e \u00e0 l&rsquo;Estancia Cerro Guido. Visite de la culture et du patrimoine de Cerro Guido.<br \/>\nJour 2 : Safari de conservation avec la Fondation Cerro Guido.<br \/>\nJour 3 : Tour en 4X4 Tercera Barranca (matin) &#8211; Tour en 4X4 Condoreras (apr\u00e8s-midi).<br \/>\nJour 4 : Circuit en 4X4 secteur Palike &#8211; Baguales &#8211; Valle Las Chinas.<br \/>\nJour 5 : D\u00e9part<\/p>\n<p><img loading=\"lazy\" decoding=\"async\" class=\"alignnone wp-image-1121 size-full\" src=\"https:\/\/estanciacerroguido.com\/wp-content\/uploads\/2023\/12\/image-7.png\" alt=\"\" width=\"808\" height=\"310\" srcset=\"https:\/\/estanciacerroguido.com\/wp-content\/uploads\/2023\/12\/image-7.png 808w, https:\/\/estanciacerroguido.com\/wp-content\/uploads\/2023\/12\/image-7-300x115.png 300w, https:\/\/estanciacerroguido.com\/wp-content\/uploads\/2023\/12\/image-7-768x295.png 768w\" sizes=\"auto, (max-width: 808px) 100vw, 808px\" \/><\/p>\n<p>Notre itin\u00e9raire d&rsquo;activit\u00e9s vous permettra de vivre l&rsquo;essence de la pampa, l&rsquo;immensit\u00e9 de notre nature et ce sera une exp\u00e9rience o\u00f9 vous vous sentirez appartenir \u00e0 un lieu qui ne voudra jamais quitter votre esprit. La faune, la flore, les paysages, les formations mill\u00e9naires vous attendent pour vous accueillir et vous quitter \u00e0 un autre niveau, comme nous savons le faire \u00e0 l&rsquo;Estancia Cerro Guido, en pr\u00e9servant l&rsquo;esprit de la Patagonie.<\/p>\n","protected":false},"excerpt":{"rendered":"<p>Que faire? La nature nous a gratifi\u00e9s de saisons merveilleuses au cours desquelles notre Estancia se couvre d&rsquo;une belle couleur blanche, depuis les plus hautes montagnes jusqu&rsquo;\u00e0 l&rsquo;immensit\u00e9 de la pampa. L&rsquo;hiver apporte une beaut\u00e9 qui d\u00e9core, flocon par flocon, chaque kilom\u00e8tre carr\u00e9, pr\u00e9parant la terre pour la remplir de fertilit\u00e9 et d&rsquo;ar\u00f4mes uniques de [&hellip;]<\/p>\n","protected":false},"author":1,"featured_media":2379,"comment_status":"closed","ping_status":"closed","sticky":false,"template":"","format":"standard","meta":{"_acf_changed":false,"content-type":"","inline_featured_image":false,"footnotes":""},"categories":[50],"tags":[],"class_list":["post-2377","post","type-post","status-publish","format-standard","has-post-thumbnail","hentry","category-header-fr"],"acf":[],"yoast_head":"<!-- This site is optimized with the Yoast SEO plugin v27.2 - https:\/\/yoast.com\/product\/yoast-seo-wordpress\/ -->\n<title>Estancia Cerro Guido en hiver - Estancia Cerro Guido<\/title>\n<meta name=\"robots\" content=\"index, follow, max-snippet:-1, max-image-preview:large, max-video-preview:-1\" \/>\n<link rel=\"canonical\" href=\"https:\/\/estanciacerroguido.com\/fr\/estancia-cerro-guido-en-su-epoca-invernal\/\" \/>\n<meta property=\"og:locale\" content=\"fr_FR\" \/>\n<meta property=\"og:type\" content=\"article\" \/>\n<meta property=\"og:title\" content=\"Estancia Cerro Guido en hiver - Estancia Cerro Guido\" \/>\n<meta property=\"og:description\" content=\"Que faire? La nature nous a gratifi\u00e9s de saisons merveilleuses au cours desquelles notre Estancia se couvre d&rsquo;une belle couleur blanche, depuis les plus hautes montagnes jusqu&rsquo;\u00e0 l&rsquo;immensit\u00e9 de la pampa. L&rsquo;hiver apporte une beaut\u00e9 qui d\u00e9core, flocon par flocon, chaque kilom\u00e8tre carr\u00e9, pr\u00e9parant la terre pour la remplir de fertilit\u00e9 et d&rsquo;ar\u00f4mes uniques de [&hellip;]\" \/>\n<meta property=\"og:url\" content=\"https:\/\/estanciacerroguido.com\/fr\/estancia-cerro-guido-en-su-epoca-invernal\/\" \/>\n<meta property=\"og:site_name\" content=\"Estancia Cerro Guido\" \/>\n<meta property=\"article:published_time\" content=\"2023-12-27T13:08:43+00:00\" \/>\n<meta property=\"article:modified_time\" content=\"2024-03-06T12:45:35+00:00\" \/>\n<meta property=\"og:image\" content=\"https:\/\/estanciacerroguido.com\/wp-content\/uploads\/2023\/12\/image-5.png\" \/>\n\t<meta property=\"og:image:width\" content=\"808\" \/>\n\t<meta property=\"og:image:height\" content=\"310\" \/>\n\t<meta property=\"og:image:type\" content=\"image\/png\" \/>\n<meta name=\"author\" content=\"Soporte Naitus\" \/>\n<meta name=\"twitter:card\" content=\"summary_large_image\" \/>\n<meta name=\"twitter:label1\" content=\"\u00c9crit par\" \/>\n\t<meta name=\"twitter:data1\" content=\"Soporte Naitus\" \/>\n\t<meta name=\"twitter:label2\" content=\"Dur\u00e9e de lecture estim\u00e9e\" \/>\n\t<meta name=\"twitter:data2\" content=\"2 minutes\" \/>\n<script type=\"application\/ld+json\" class=\"yoast-schema-graph\">{\"@context\":\"https:\/\/schema.org\",\"@graph\":[{\"@type\":\"Article\",\"@id\":\"https:\/\/estanciacerroguido.com\/fr\/estancia-cerro-guido-en-su-epoca-invernal\/#article\",\"isPartOf\":{\"@id\":\"https:\/\/estanciacerroguido.com\/fr\/estancia-cerro-guido-en-su-epoca-invernal\/\"},\"author\":{\"name\":\"Soporte Naitus\",\"@id\":\"https:\/\/estanciacerroguido.com\/#\/schema\/person\/966e5ff0821bdf0c18b89a61cf4c447e\"},\"headline\":\"Estancia Cerro Guido en hiver\",\"datePublished\":\"2023-12-27T13:08:43+00:00\",\"dateModified\":\"2024-03-06T12:45:35+00:00\",\"mainEntityOfPage\":{\"@id\":\"https:\/\/estanciacerroguido.com\/fr\/estancia-cerro-guido-en-su-epoca-invernal\/\"},\"wordCount\":282,\"image\":{\"@id\":\"https:\/\/estanciacerroguido.com\/fr\/estancia-cerro-guido-en-su-epoca-invernal\/#primaryimage\"},\"thumbnailUrl\":\"https:\/\/estanciacerroguido.com\/wp-content\/uploads\/2023\/12\/image-5.png\",\"articleSection\":[\"Header\"],\"inLanguage\":\"fr-FR\"},{\"@type\":\"WebPage\",\"@id\":\"https:\/\/estanciacerroguido.com\/fr\/estancia-cerro-guido-en-su-epoca-invernal\/\",\"url\":\"https:\/\/estanciacerroguido.com\/fr\/estancia-cerro-guido-en-su-epoca-invernal\/\",\"name\":\"Estancia Cerro Guido en hiver - Estancia Cerro Guido\",\"isPartOf\":{\"@id\":\"https:\/\/estanciacerroguido.com\/#website\"},\"primaryImageOfPage\":{\"@id\":\"https:\/\/estanciacerroguido.com\/fr\/estancia-cerro-guido-en-su-epoca-invernal\/#primaryimage\"},\"image\":{\"@id\":\"https:\/\/estanciacerroguido.com\/fr\/estancia-cerro-guido-en-su-epoca-invernal\/#primaryimage\"},\"thumbnailUrl\":\"https:\/\/estanciacerroguido.com\/wp-content\/uploads\/2023\/12\/image-5.png\",\"datePublished\":\"2023-12-27T13:08:43+00:00\",\"dateModified\":\"2024-03-06T12:45:35+00:00\",\"author\":{\"@id\":\"https:\/\/estanciacerroguido.com\/#\/schema\/person\/966e5ff0821bdf0c18b89a61cf4c447e\"},\"breadcrumb\":{\"@id\":\"https:\/\/estanciacerroguido.com\/fr\/estancia-cerro-guido-en-su-epoca-invernal\/#breadcrumb\"},\"inLanguage\":\"fr-FR\",\"potentialAction\":[{\"@type\":\"ReadAction\",\"target\":[\"https:\/\/estanciacerroguido.com\/fr\/estancia-cerro-guido-en-su-epoca-invernal\/\"]}]},{\"@type\":\"ImageObject\",\"inLanguage\":\"fr-FR\",\"@id\":\"https:\/\/estanciacerroguido.com\/fr\/estancia-cerro-guido-en-su-epoca-invernal\/#primaryimage\",\"url\":\"https:\/\/estanciacerroguido.com\/wp-content\/uploads\/2023\/12\/image-5.png\",\"contentUrl\":\"https:\/\/estanciacerroguido.com\/wp-content\/uploads\/2023\/12\/image-5.png\",\"width\":808,\"height\":310},{\"@type\":\"BreadcrumbList\",\"@id\":\"https:\/\/estanciacerroguido.com\/fr\/estancia-cerro-guido-en-su-epoca-invernal\/#breadcrumb\",\"itemListElement\":[{\"@type\":\"ListItem\",\"position\":1,\"name\":\"Portada\",\"item\":\"https:\/\/estanciacerroguido.com\/fr\/\"},{\"@type\":\"ListItem\",\"position\":2,\"name\":\"Estancia Cerro Guido en hiver\"}]},{\"@type\":\"WebSite\",\"@id\":\"https:\/\/estanciacerroguido.com\/#website\",\"url\":\"https:\/\/estanciacerroguido.com\/\",\"name\":\"Estancia Cerro Guido\",\"description\":\"\",\"potentialAction\":[{\"@type\":\"SearchAction\",\"target\":{\"@type\":\"EntryPoint\",\"urlTemplate\":\"https:\/\/estanciacerroguido.com\/?s={search_term_string}\"},\"query-input\":{\"@type\":\"PropertyValueSpecification\",\"valueRequired\":true,\"valueName\":\"search_term_string\"}}],\"inLanguage\":\"fr-FR\"},{\"@type\":\"Person\",\"@id\":\"https:\/\/estanciacerroguido.com\/#\/schema\/person\/966e5ff0821bdf0c18b89a61cf4c447e\",\"name\":\"Soporte Naitus\",\"image\":{\"@type\":\"ImageObject\",\"inLanguage\":\"fr-FR\",\"@id\":\"https:\/\/secure.gravatar.com\/avatar\/1a85318f4a0d0b335188019d69906352e9093af0d367e9aab71f553ef08dfd50?s=96&d=mm&r=g\",\"url\":\"https:\/\/secure.gravatar.com\/avatar\/1a85318f4a0d0b335188019d69906352e9093af0d367e9aab71f553ef08dfd50?s=96&d=mm&r=g\",\"contentUrl\":\"https:\/\/secure.gravatar.com\/avatar\/1a85318f4a0d0b335188019d69906352e9093af0d367e9aab71f553ef08dfd50?s=96&d=mm&r=g\",\"caption\":\"Soporte Naitus\"},\"sameAs\":[\"http:\/\/ec2-107-23-222-114.compute-1.amazonaws.com\"],\"url\":\"https:\/\/estanciacerroguido.com\/fr\/author\/naitus\/\"}]}<\/script>\n<!-- \/ Yoast SEO plugin. -->","yoast_head_json":{"title":"Estancia Cerro Guido en hiver - Estancia Cerro Guido","robots":{"index":"index","follow":"follow","max-snippet":"max-snippet:-1","max-image-preview":"max-image-preview:large","max-video-preview":"max-video-preview:-1"},"canonical":"https:\/\/estanciacerroguido.com\/fr\/estancia-cerro-guido-en-su-epoca-invernal\/","og_locale":"fr_FR","og_type":"article","og_title":"Estancia Cerro Guido en hiver - Estancia Cerro Guido","og_description":"Que faire? La nature nous a gratifi\u00e9s de saisons merveilleuses au cours desquelles notre Estancia se couvre d&rsquo;une belle couleur blanche, depuis les plus hautes montagnes jusqu&rsquo;\u00e0 l&rsquo;immensit\u00e9 de la pampa. L&rsquo;hiver apporte une beaut\u00e9 qui d\u00e9core, flocon par flocon, chaque kilom\u00e8tre carr\u00e9, pr\u00e9parant la terre pour la remplir de fertilit\u00e9 et d&rsquo;ar\u00f4mes uniques de [&hellip;]","og_url":"https:\/\/estanciacerroguido.com\/fr\/estancia-cerro-guido-en-su-epoca-invernal\/","og_site_name":"Estancia Cerro Guido","article_published_time":"2023-12-27T13:08:43+00:00","article_modified_time":"2024-03-06T12:45:35+00:00","og_image":[{"width":808,"height":310,"url":"https:\/\/estanciacerroguido.com\/wp-content\/uploads\/2023\/12\/image-5.png","type":"image\/png"}],"author":"Soporte Naitus","twitter_card":"summary_large_image","twitter_misc":{"\u00c9crit par":"Soporte Naitus","Dur\u00e9e de lecture estim\u00e9e":"2 minutes"},"schema":{"@context":"https:\/\/schema.org","@graph":[{"@type":"Article","@id":"https:\/\/estanciacerroguido.com\/fr\/estancia-cerro-guido-en-su-epoca-invernal\/#article","isPartOf":{"@id":"https:\/\/estanciacerroguido.com\/fr\/estancia-cerro-guido-en-su-epoca-invernal\/"},"author":{"name":"Soporte Naitus","@id":"https:\/\/estanciacerroguido.com\/#\/schema\/person\/966e5ff0821bdf0c18b89a61cf4c447e"},"headline":"Estancia Cerro Guido en hiver","datePublished":"2023-12-27T13:08:43+00:00","dateModified":"2024-03-06T12:45:35+00:00","mainEntityOfPage":{"@id":"https:\/\/estanciacerroguido.com\/fr\/estancia-cerro-guido-en-su-epoca-invernal\/"},"wordCount":282,"image":{"@id":"https:\/\/estanciacerroguido.com\/fr\/estancia-cerro-guido-en-su-epoca-invernal\/#primaryimage"},"thumbnailUrl":"https:\/\/estanciacerroguido.com\/wp-content\/uploads\/2023\/12\/image-5.png","articleSection":["Header"],"inLanguage":"fr-FR"},{"@type":"WebPage","@id":"https:\/\/estanciacerroguido.com\/fr\/estancia-cerro-guido-en-su-epoca-invernal\/","url":"https:\/\/estanciacerroguido.com\/fr\/estancia-cerro-guido-en-su-epoca-invernal\/","name":"Estancia Cerro Guido en hiver - Estancia Cerro Guido","isPartOf":{"@id":"https:\/\/estanciacerroguido.com\/#website"},"primaryImageOfPage":{"@id":"https:\/\/estanciacerroguido.com\/fr\/estancia-cerro-guido-en-su-epoca-invernal\/#primaryimage"},"image":{"@id":"https:\/\/estanciacerroguido.com\/fr\/estancia-cerro-guido-en-su-epoca-invernal\/#primaryimage"},"thumbnailUrl":"https:\/\/estanciacerroguido.com\/wp-content\/uploads\/2023\/12\/image-5.png","datePublished":"2023-12-27T13:08:43+00:00","dateModified":"2024-03-06T12:45:35+00:00","author":{"@id":"https:\/\/estanciacerroguido.com\/#\/schema\/person\/966e5ff0821bdf0c18b89a61cf4c447e"},"breadcrumb":{"@id":"https:\/\/estanciacerroguido.com\/fr\/estancia-cerro-guido-en-su-epoca-invernal\/#breadcrumb"},"inLanguage":"fr-FR","potentialAction":[{"@type":"ReadAction","target":["https:\/\/estanciacerroguido.com\/fr\/estancia-cerro-guido-en-su-epoca-invernal\/"]}]},{"@type":"ImageObject","inLanguage":"fr-FR","@id":"https:\/\/estanciacerroguido.com\/fr\/estancia-cerro-guido-en-su-epoca-invernal\/#primaryimage","url":"https:\/\/estanciacerroguido.com\/wp-content\/uploads\/2023\/12\/image-5.png","contentUrl":"https:\/\/estanciacerroguido.com\/wp-content\/uploads\/2023\/12\/image-5.png","width":808,"height":310},{"@type":"BreadcrumbList","@id":"https:\/\/estanciacerroguido.com\/fr\/estancia-cerro-guido-en-su-epoca-invernal\/#breadcrumb","itemListElement":[{"@type":"ListItem","position":1,"name":"Portada","item":"https:\/\/estanciacerroguido.com\/fr\/"},{"@type":"ListItem","position":2,"name":"Estancia Cerro Guido en hiver"}]},{"@type":"WebSite","@id":"https:\/\/estanciacerroguido.com\/#website","url":"https:\/\/estanciacerroguido.com\/","name":"Estancia Cerro Guido","description":"","potentialAction":[{"@type":"SearchAction","target":{"@type":"EntryPoint","urlTemplate":"https:\/\/estanciacerroguido.com\/?s={search_term_string}"},"query-input":{"@type":"PropertyValueSpecification","valueRequired":true,"valueName":"search_term_string"}}],"inLanguage":"fr-FR"},{"@type":"Person","@id":"https:\/\/estanciacerroguido.com\/#\/schema\/person\/966e5ff0821bdf0c18b89a61cf4c447e","name":"Soporte Naitus","image":{"@type":"ImageObject","inLanguage":"fr-FR","@id":"https:\/\/secure.gravatar.com\/avatar\/1a85318f4a0d0b335188019d69906352e9093af0d367e9aab71f553ef08dfd50?s=96&d=mm&r=g","url":"https:\/\/secure.gravatar.com\/avatar\/1a85318f4a0d0b335188019d69906352e9093af0d367e9aab71f553ef08dfd50?s=96&d=mm&r=g","contentUrl":"https:\/\/secure.gravatar.com\/avatar\/1a85318f4a0d0b335188019d69906352e9093af0d367e9aab71f553ef08dfd50?s=96&d=mm&r=g","caption":"Soporte Naitus"},"sameAs":["http:\/\/ec2-107-23-222-114.compute-1.amazonaws.com"],"url":"https:\/\/estanciacerroguido.com\/fr\/author\/naitus\/"}]}},"_links":{"self":[{"href":"https:\/\/estanciacerroguido.com\/fr\/wp-json\/wp\/v2\/posts\/2377","targetHints":{"allow":["GET"]}}],"collection":[{"href":"https:\/\/estanciacerroguido.com\/fr\/wp-json\/wp\/v2\/posts"}],"about":[{"href":"https:\/\/estanciacerroguido.com\/fr\/wp-json\/wp\/v2\/types\/post"}],"author":[{"embeddable":true,"href":"https:\/\/estanciacerroguido.com\/fr\/wp-json\/wp\/v2\/users\/1"}],"replies":[{"embeddable":true,"href":"https:\/\/estanciacerroguido.com\/fr\/wp-json\/wp\/v2\/comments?post=2377"}],"version-history":[{"count":3,"href":"https:\/\/estanciacerroguido.com\/fr\/wp-json\/wp\/v2\/posts\/2377\/revisions"}],"predecessor-version":[{"id":3794,"href":"https:\/\/estanciacerroguido.com\/fr\/wp-json\/wp\/v2\/posts\/2377\/revisions\/3794"}],"wp:featuredmedia":[{"embeddable":true,"href":"https:\/\/estanciacerroguido.com\/fr\/wp-json\/wp\/v2\/media\/2379"}],"wp:attachment":[{"href":"https:\/\/estanciacerroguido.com\/fr\/wp-json\/wp\/v2\/media?parent=2377"}],"wp:term":[{"taxonomy":"category","embeddable":true,"href":"https:\/\/estanciacerroguido.com\/fr\/wp-json\/wp\/v2\/categories?post=2377"},{"taxonomy":"post_tag","embeddable":true,"href":"https:\/\/estanciacerroguido.com\/fr\/wp-json\/wp\/v2\/tags?post=2377"}],"curies":[{"name":"wp","href":"https:\/\/api.w.org\/{rel}","templated":true}]}}